[{"@context":"https:\/\/schema.org\/","@type":"Article","@id":"https:\/\/www.dolinka.cz\/zvysovani-minimalni-mzdy-v-recku-a-blizici-se-financni-krize\/#Article","mainEntityOfPage":"https:\/\/www.dolinka.cz\/zvysovani-minimalni-mzdy-v-recku-a-blizici-se-financni-krize\/","headline":"Zvy\u0161ov\u00e1n\u00ed minim\u00e1ln\u00ed mzdy v \u0158ecku a bl\u00ed\u017e\u00edc\u00ed se finan\u010dn\u00ed krize","name":"Zvy\u0161ov\u00e1n\u00ed minim\u00e1ln\u00ed mzdy v \u0158ecku a bl\u00ed\u017e\u00edc\u00ed se finan\u010dn\u00ed krize","description":"I kdy\u017e zvy\u0161ov\u00e1n\u00ed minim\u00e1ln\u00ed mzdy u n\u00e1s je v\u017edy velk\u00fdm t\u00e9matem. A\u0165 u\u017e to byl rok 2013, 2015, 2016 \u010di 2017 nikdy se zm\u011bny neobe\u0161ly bez reakc\u00ed ve\u0159ejnosti \u010di odborn\u00edk\u016f. Jsme v\u0161ak u\u017e tak n\u011bjak zvykl\u00ed, \u017ee se tu m\u00e1me dob\u0159e, a \u017ee jednou za \u010das tato zm\u011bna p\u0159ijde. Pakli\u017ee v\u0161ak \u0159ekneme, \u017ee se zv\u00fd\u0161\u00ed [&hellip;]","datePublished":"2019-05-23","dateModified":"2023-05-03","author":{"@type":"Person","@id":"https:\/\/www.dolinka.cz\/author\/#Person","name":"","url":"https:\/\/www.dolinka.cz\/author\/","identifier":1,"image":{"@type":"ImageObject","@id":"https:\/\/secure.gravatar.com\/avatar\/f7320ca526354d2794ceb75173050bfa147af8617816df401a16569341b5fbaf?s=96&d=mm&r=g","url":"https:\/\/secure.gravatar.com\/avatar\/f7320ca526354d2794ceb75173050bfa147af8617816df401a16569341b5fbaf?s=96&d=mm&r=g","height":96,"width":96}},"publisher":{"@type":"Organization","name":"dolinka.cz","logo":{"@type":"ImageObject","@id":"\/logo.png","url":"\/logo.png","width":600,"height":60}},"image":{"@type":"ImageObject","@id":"https:\/\/www.dolinka.cz\/wp-content\/uploads\/img_a345454_w2506_t1559126106.jpg","url":"https:\/\/www.dolinka.cz\/wp-content\/uploads\/img_a345454_w2506_t1559126106.jpg","height":0,"width":0},"url":"https:\/\/www.dolinka.cz\/zvysovani-minimalni-mzdy-v-recku-a-blizici-se-financni-krize\/","about":["Finance"],"wordCount":518,"articleBody":"I kdy\u017e zvy\u0161ov\u00e1n\u00ed minim\u00e1ln\u00ed mzdy u n\u00e1s je v\u017edy velk\u00fdm t\u00e9matem. A\u0165 u\u017e to byl rok 2013, 2015, 2016 \u010di 2017 nikdy se zm\u011bny neobe\u0161ly bez reakc\u00ed ve\u0159ejnosti \u010di odborn\u00edk\u016f. Jsme v\u0161ak u\u017e tak n\u011bjak zvykl\u00ed, \u017ee se tu m\u00e1me dob\u0159e, a \u017ee jednou za \u010das tato zm\u011bna p\u0159ijde.\tPakli\u017ee v\u0161ak \u0159ekneme, \u017ee se zv\u00fd\u0161\u00ed minim\u00e1ln\u00ed mzda i v \u0158ecku, jist\u011b to pro n\u00e1s bude tak\u00e9 zaj\u00edmav\u00e9 a zcela unik\u00e1tn\u00ed. Jejich minim\u00e1ln\u00ed mzda \u010dinila do konce ledna 2019 586 eur a od \u00fanora 2019 je tato \u010d\u00e1stka stanovena na 650 eur. To znamen\u00e1, \u017ee je to v p\u0159epo\u010dtu cca 16 740 korun \u010desk\u00fdch. Zv\u00fd\u0161en\u00ed minim\u00e1ln\u00ed mzdy v \u0158ecku tedy bylo o jeden\u00e1ct procent. Jedn\u00e1 se o prvn\u00ed zv\u00fd\u0161en\u00ed t\u00e9to sazby za posledn\u00edch deset let, tedy od dob, kdy prob\u011bhla v zemi obrovsk\u00e1 krize a \u0158ecko se tak stalo zcela z\u00e1visl\u00e9 na zahrani\u010dn\u00ed pomoci.\t\u0158eck\u00fd premi\u00e9r se vyj\u00e1d\u0159il v tom smyslu, \u017ee zv\u00fd\u0161en\u00ed minim\u00e1ln\u00ed mzdy je zap\u0159\u00ed\u010din\u011bno v to, \u017ee ekonomika roste a poroste i nad\u00e1le. Tedy je mo\u017en\u00e9 p\u0159istoupit k takto z\u00e1va\u017en\u00e9mu rozhodnut\u00ed. Premi\u00e9r tak\u00e9 \u0159ekl, \u017ee se c\u00edt\u00ed velmi zav\u00e1z\u00e1n pr\u00e1v\u011b t\u011bm, kte\u0159\u00ed v d\u016fsledku zmi\u0148ovan\u00e9 krize nejv\u00edce trp\u011bly.\t\tV roce 2010 se zem\u011b dostala na pokraj st\u00e1tn\u00edho bankrotu a musela po\u017e\u00e1dat mezin\u00e1rodn\u00ed v\u011b\u0159itele o \u00fav\u011brovou pomoc. Samoz\u0159ejm\u011b od t\u00e9 doby musela zem\u011b proj\u00edt t\u0159eba z\u00e1chrann\u00fdmi programy. Velmi p\u0159\u00edsn\u00e9 podm\u00ednky pro poskytnut\u00ed po\u017eadovan\u00e9ho \u00fav\u011bru maj\u00ed vliv na ekonomiku dodnes.\tV dob\u011b vypuknut\u00ed krize klesla m\u00edstn\u00ed ekonomika o jednu \u010dtvrtinu a t\u0159etina obyvatel se propadla do chudoby. N\u011bkte\u0159\u00ed to vzdali a ode\u0161li \u00fapln\u011b. Do zahrani\u010d\u00ed.\tCo se t\u00fd\u010de minim\u00e1ln\u00ed mzdy, ta byla v roce 2012 na z\u00e1klad\u011b krize sn\u00ed\u017eena pr\u00e1v\u011b na uveden\u00fdch 586 eur. To byl opravdu velk\u00fd rozd\u00edl, proto\u017ee p\u016fvodn\u00ed minim\u00e1ln\u00ed mzda \u010dinila 751 eur. V p\u0159epo\u010dtu byla p\u0159ed kriz\u00ed tedy minim\u00e1ln\u00ed mzda stanovena na \u010d\u00e1stku vy\u0161\u0161\u00ed ne\u017e 19 000 korun.\tI kdy\u017e si zem\u011b vede l\u00e9pe, je jist\u00e9, \u017ee nejv\u011bt\u0161\u00ed p\u0159ek\u00e1\u017ekou \u0159eck\u00e9 ekonomiky, respektive jej\u00edho zotavov\u00e1n\u00ed, je, ochromen\u00ed \u0159eck\u00fdch bank. Banky toti\u017e tr\u00e1p\u00ed vysok\u00fd pod\u00edl \u00fav\u011br\u016f, u nich\u017e re\u00e1ln\u011b hroz\u00ed, \u017ee nebudou splaceny. Na podzim lo\u0148sk\u00e9ho roku se dokonce objevily \u00fadaje, kter\u00e9 tvrd\u00ed, \u017ee \u0158ecko jako takov\u00e9 nebude schopno v takov\u00e9m p\u0159\u00edpad\u011b bank\u00e1m pomoct, co\u017e by sm\u011b\u0159ovalo k dal\u0161\u00ed finan\u010dn\u00ed krizi.\tSe\u010dteno a podtr\u017eeno, \u0158ecko je sice na tom moment\u00e1ln\u011b l\u00e9pe, ale z dlouhodob\u00e9 hlediska se pravd\u011bpodobn\u011b napl\u0148uje predikce Mezin\u00e1rodn\u00edho m\u011bnov\u00e9ho fondu i Sv\u011btov\u00e9 banky o bl\u00ed\u017e\u00edc\u00ed se glob\u00e1ln\u00ed krizi, kter\u00e1 vypukne nejprve v chud\u0161\u00edch zem\u00edch a bude se \u0161\u00ed\u0159it do zem\u00ed bohat\u0161\u00edch.                                                                                                                                                                                                                                                                                                                                                                                        3.9\/5 - (8 votes)        "},{"@context":"https:\/\/schema.org\/","@type":"BreadcrumbList","itemListElement":[{"@type":"ListItem","position":1,"name":"Zvy\u0161ov\u00e1n\u00ed minim\u00e1ln\u00ed mzdy v \u0158ecku a bl\u00ed\u017e\u00edc\u00ed se finan\u010dn\u00ed krize","item":"https:\/\/www.dolinka.cz\/zvysovani-minimalni-mzdy-v-recku-a-blizici-se-financni-krize\/#breadcrumbitem"}]}]