[{"@context":"https:\/\/schema.org\/","@type":"Article","@id":"https:\/\/www.dolinka.cz\/vestavene-skrine-do-kazdeho-prostoru\/#Article","mainEntityOfPage":"https:\/\/www.dolinka.cz\/vestavene-skrine-do-kazdeho-prostoru\/","headline":"Vestav\u011bn\u00e9 sk\u0159\u00edn\u011b do ka\u017ed\u00e9ho prostoru","name":"Vestav\u011bn\u00e9 sk\u0159\u00edn\u011b do ka\u017ed\u00e9ho prostoru","description":"Ka\u017ed\u00fd, kdo \u017eije v mal\u00e9m byt\u011b nebo dom\u011b, moc dob\u0159e v\u00ed, jak je t\u011b\u017ek\u00e9 a d\u016fle\u017eit\u00e9 skv\u011ble vyu\u017e\u00edt ve\u0161ker\u00fd voln\u00fd prostor tak, abychom m\u011bli dostatek \u00falo\u017en\u00e9ho prostoru. I kdy\u017e nejste zrovna majitelem mal\u00e9ho bytu, ale vlastn\u00edte nap\u0159\u00edklad v\u011bt\u0161\u00ed rodinn\u00fd d\u016fm, je dobr\u00e9 vyu\u017e\u00edt prostor tak, aby to bylo praktick\u00e9 a z\u00e1rove\u0148 vypadalo dob\u0159e. Nikdo p\u0159ece [&hellip;]","datePublished":"2021-12-27","dateModified":"2023-05-03","author":{"@type":"Person","@id":"https:\/\/www.dolinka.cz\/author\/#Person","name":"","url":"https:\/\/www.dolinka.cz\/author\/","identifier":1,"image":{"@type":"ImageObject","@id":"https:\/\/secure.gravatar.com\/avatar\/f7320ca526354d2794ceb75173050bfa147af8617816df401a16569341b5fbaf?s=96&d=mm&r=g","url":"https:\/\/secure.gravatar.com\/avatar\/f7320ca526354d2794ceb75173050bfa147af8617816df401a16569341b5fbaf?s=96&d=mm&r=g","height":96,"width":96}},"publisher":{"@type":"Organization","name":"dolinka.cz","logo":{"@type":"ImageObject","@id":"\/logo.png","url":"\/logo.png","width":600,"height":60}},"image":{"@type":"ImageObject","@id":"https:\/\/www.dolinka.cz\/wp-content\/uploads\/bed-g632c6f837_640.jpg","url":"https:\/\/www.dolinka.cz\/wp-content\/uploads\/bed-g632c6f837_640.jpg","height":0,"width":0},"url":"https:\/\/www.dolinka.cz\/vestavene-skrine-do-kazdeho-prostoru\/","about":["Produkty"],"wordCount":481,"articleBody":"        Ka\u017ed\u00fd, kdo \u017eije v mal\u00e9m byt\u011b nebo dom\u011b, moc dob\u0159e v\u00ed, jak je t\u011b\u017ek\u00e9 a d\u016fle\u017eit\u00e9 skv\u011ble vyu\u017e\u00edt ve\u0161ker\u00fd voln\u00fd prostor tak, abychom m\u011bli dostatek \u00falo\u017en\u00e9ho prostoru. I kdy\u017e nejste zrovna majitelem mal\u00e9ho bytu, ale vlastn\u00edte nap\u0159\u00edklad v\u011bt\u0161\u00ed rodinn\u00fd d\u016fm, je dobr\u00e9 vyu\u017e\u00edt prostor tak, aby to bylo praktick\u00e9 a z\u00e1rove\u0148 vypadalo dob\u0159e. Nikdo p\u0159ece nechce m\u00edt doma hromadu k sob\u011b nelad\u00edc\u00edch sk\u0159\u00edn\u00ed. Proto je \u010d\u00edm d\u00e1l \u010dast\u011bj\u0161\u00ed volbou vestav\u011bn\u00e1 sk\u0159\u00edn\u00ed na m\u00edru. Skv\u011ble se tak p\u0159izp\u016fsob\u00edte va\u0161emu prostoru a nemus\u00edte se b\u00e1t, \u017ee by v\u00e1m n\u011bkde vznikaly nepraktick\u00e9 mezery a mal\u00e9 prostory, kter\u00e9 bychom nevyu\u017eili a \u010dasem by se v nich pouze hromadil nepo\u0159\u00e1dek. Vestav\u011bn\u00e9 sk\u0159\u00edn\u011b Sten-skrine jsou z\u00e1rukou kvality. Sten je skv\u011bl\u00e1 firma, kter\u00e1 se zab\u00fdv\u00e1, jak u\u017e s\u00e1m n\u00e1zev napov\u00edd\u00e1, vestav\u011bn\u00fdmi sk\u0159\u00edn\u011bmi na m\u00edru. Zakl\u00e1d\u00e1me si na prvot\u0159\u00eddn\u00ed materi\u00e1lech, kr\u00e1sn\u00e9m elegantn\u00edm designu a p\u0159edev\u0161\u00edm na celkov\u00e9 vysok\u00e9 kvalit\u011b. M\u00e1me samoz\u0159ejm\u011b dlouholet\u00e9 zku\u0161enosti a zku\u0161en\u00e9 a kvalitn\u00ed zam\u011bstnance. Na\u0161\u00ed prioritou je individu\u00e1ln\u00ed p\u0159\u00edstup ke ka\u017ed\u00e9mu z\u00e1kazn\u00edkovi a garantujeme v\u00e1m velmi n\u00edzk\u00e9 ceny. A\u0165 u\u017e pot\u0159ebujete jen men\u0161\u00ed sk\u0159\u00ed\u0148, nebo si p\u0159ejete vytvo\u0159it nap\u0159\u00edklad celou \u0161atnu, firma Sten je zajist\u00e9 t\u00edm nejvhodn\u011bj\u0161\u00edm kandid\u00e1tem. Ji\u017e 20 let m\u00e1me zku\u0161enosti nejen se sk\u0159\u00edn\u011bmi na m\u00edru, ale tak\u00e9 s kuchyn\u011bmi, \u0161atnami, knihovnami, p\u0159eds\u00ed\u0148ov\u00fdmi st\u011bnami a mnoho dal\u0161\u00edm n\u00e1bytkem. T\u00edm m\u00e1te zaru\u010deno, \u017ee s na\u0161\u00ed firmou si m\u016f\u017eete vybavit prakticky cel\u00fd byt a v\u0161e bude tak ladit kr\u00e1sn\u011b k sob\u011b. Samoz\u0159ejm\u011b jsme ochotni v\u00e1m skv\u011ble a prakticky poradit a V\u00e1m tak odpadne starost s vym\u00fd\u0161len\u00edm, jakou konkr\u00e9tn\u00ed sk\u0159\u00ed\u0148 byste si p\u0159edstavovali. Sta\u010d\u00ed n\u00e1s kontaktovat a spole\u010dn\u011b navrhneme ide\u00e1ln\u00ed sk\u0159\u00ed\u0148 pro va\u0161e prostory a pot\u0159eby. Spokojen\u00fd z\u00e1kazn\u00edk je pro n\u00e1s opravdu prioritou, a proto ud\u011bl\u00e1me v\u0161e pro to, abychom vyhov\u011bli ka\u017ed\u00e9mu va\u0161emu po\u017eadavku i na ten sebemen\u0161\u00ed \u0161upl\u00edk, anebo poli\u010dku. Pod\u00edvejte se na na\u0161e ji\u017e proveden\u00e9 pr\u00e1ce na na\u0161ich webov\u00fdch str\u00e1nk\u00e1ch a pokud v\u00e1s bude cokoli zaj\u00edmat anebo budete cht\u00edt poradit, jak vy\u0159e\u0161it sk\u0159\u00edn\u011b do va\u0161eho prostoru v byt\u011b, nev\u00e1hejte a obra\u0165te se na n\u00e1s. R\u00e1di s v\u00e1mi budeme v\u0161e konzultovat a pom\u016f\u017eeme v\u00e1m.                                                                                                                                                                                                                                                                                                                                                                                           4.6\/5 - (9 votes)        "},{"@context":"https:\/\/schema.org\/","@type":"BreadcrumbList","itemListElement":[{"@type":"ListItem","position":1,"name":"Vestav\u011bn\u00e9 sk\u0159\u00edn\u011b do ka\u017ed\u00e9ho prostoru","item":"https:\/\/www.dolinka.cz\/vestavene-skrine-do-kazdeho-prostoru\/#breadcrumbitem"}]}]