[{"@context":"https:\/\/schema.org\/","@type":"Article","@id":"https:\/\/www.dolinka.cz\/umely-kamen-do-interieru-v-mnoha-variantach\/#Article","mainEntityOfPage":"https:\/\/www.dolinka.cz\/umely-kamen-do-interieru-v-mnoha-variantach\/","headline":"Um\u011bl\u00fd k\u00e1men do interi\u00e9ru v mnoha variant\u00e1ch","name":"Um\u011bl\u00fd k\u00e1men do interi\u00e9ru v mnoha variant\u00e1ch","description":"S um\u011bl\u00fdm kamenem do interi\u00e9ru jsme se mohli poprv\u00e9 setkat p\u0159ed v\u00edce ne\u017e deseti lety. Ji\u017e prvn\u00ed prototypy z v\u00fdvojov\u00fdch pracovi\u0161\u0165 p\u0159inesly ohromuj\u00edc\u00ed v\u00fdsledky, kter\u00e9 napodobovaly obklady z prav\u00e9ho p\u0159\u00edrodn\u00edho kamene, a to s minim\u00e1ln\u00edmi n\u00e1klady. Pr\u00e1v\u011b finan\u010dn\u00ed dostupnost byla jedn\u00edm z d\u016fvod\u016f, pro\u010d se tento materi\u00e1l roz\u0161\u00ed\u0159il po cel\u00e9m sv\u011bt\u011b a z\u00edskal zna\u010dnou oblibu. [&hellip;]","datePublished":"2018-12-20","dateModified":"2023-05-03","author":{"@type":"Person","@id":"https:\/\/www.dolinka.cz\/author\/#Person","name":"","url":"https:\/\/www.dolinka.cz\/author\/","identifier":1,"image":{"@type":"ImageObject","@id":"https:\/\/secure.gravatar.com\/avatar\/f7320ca526354d2794ceb75173050bfa147af8617816df401a16569341b5fbaf?s=96&d=mm&r=g","url":"https:\/\/secure.gravatar.com\/avatar\/f7320ca526354d2794ceb75173050bfa147af8617816df401a16569341b5fbaf?s=96&d=mm&r=g","height":96,"width":96}},"publisher":{"@type":"Organization","name":"dolinka.cz","logo":{"@type":"ImageObject","@id":"\/logo.png","url":"\/logo.png","width":600,"height":60}},"image":{"@type":"ImageObject","@id":"https:\/\/www.dolinka.cz\/wp-content\/uploads\/img_a333823_w1738_t1547323940.jpg","url":"https:\/\/www.dolinka.cz\/wp-content\/uploads\/img_a333823_w1738_t1547323940.jpg","height":0,"width":0},"url":"https:\/\/www.dolinka.cz\/umely-kamen-do-interieru-v-mnoha-variantach\/","about":["Bydlen\u00ed"],"wordCount":400,"articleBody":"     S um\u011bl\u00fdm kamenem do interi\u00e9ru jsme se mohli poprv\u00e9 setkat p\u0159ed v\u00edce ne\u017e deseti lety. Ji\u017e prvn\u00ed prototypy z v\u00fdvojov\u00fdch pracovi\u0161\u0165 p\u0159inesly ohromuj\u00edc\u00ed v\u00fdsledky, kter\u00e9 napodobovaly obklady z prav\u00e9ho p\u0159\u00edrodn\u00edho kamene, a to s minim\u00e1ln\u00edmi n\u00e1klady. Pr\u00e1v\u011b finan\u010dn\u00ed dostupnost byla jedn\u00edm z d\u016fvod\u016f, pro\u010d se tento materi\u00e1l roz\u0161\u00ed\u0159il po cel\u00e9m sv\u011bt\u011b a z\u00edskal zna\u010dnou oblibu. T\u00edm hlavn\u00edm d\u016fvodem byl v\u0161ak vzhled, kter\u00fd nach\u00e1z\u00ed uplatn\u011bn\u00ed jak v exteri\u00e9ru, tak i uvnit\u0159 obytn\u00fdch m\u00edstnost\u00ed. P\u0159ednosti um\u011bl\u00e9ho kamene Hmotnost \u2013 ta je ve srovn\u00e1n\u00ed s p\u0159\u00edrodn\u00edm kamenem nesrovnateln\u011b ni\u017e\u0161\u00ed. V souvislosti s t\u00edm klesaj\u00ed n\u00e1roky na statiku zdiva, nosnost podlah, strop\u016f, nosn\u00fdch konstrukc\u00ed apod.N\u00e1klady \u2013 p\u0159\u00edrodn\u00ed k\u00e1men je mnohon\u00e1sobn\u011b dra\u017e\u0161\u00ed, a to ve v\u0161ech modifikac\u00edch \u2013 jako obklad st\u011bn, podlah, kuchy\u0148sk\u00fdch pracovn\u00edch desek atd.Povrch \u2013 nen\u00ed to \u017e\u00e1dn\u00e1 plastick\u00e1 hmota s povrchem z 60. let minul\u00e9ho stolet\u00ed, kde ji\u017e na prvn\u00ed pohled pozn\u00e1te lacinou imitaci. Povrchov\u00e1 struktura je tak dokonale plastick\u00e1, \u017ee ji tak\u0159ka od p\u0159\u00edrodn\u00edho kamene nerozezn\u00e1te.\u0160t\u00edpan\u00fd k\u00e1men \u2013 ten je tak\u00e9 v nab\u00eddce, pochopiteln\u011b jako imitace, kter\u00e1 ov\u0161em vypad\u00e1 velice zda\u0159ile.Speci\u00e1ln\u00ed po\u017eadavky \u2013 reakce na po\u017eadavky z\u00e1kazn\u00edk\u016f jsou velmi pru\u017en\u00e9, lze vyrobit na zak\u00e1zku i jin\u00fd barevn\u00fd odst\u00edn nebo tvar obkladu.Barevn\u00e9 lad\u011bn\u00ed \u2013 stovky r\u016fzn\u00fdch dekor\u016f umo\u017e\u0148uj\u00ed pom\u011brn\u011b snadn\u00e9 slad\u011bn\u00ed obkladu s okoln\u00ed fas\u00e1dou a stavebn\u00edmi prvky, tot\u00e9\u017e plat\u00ed i o interi\u00e9ru.N\u00e1roky na \u00fadr\u017ebu \u2013 jsou velmi n\u00edzk\u00e9, zat\u00edmco u p\u0159\u00edrodn\u00edho kamene je t\u0159eba pou\u017e\u00edvat speci\u00e1ln\u00ed prost\u0159edky, u toho um\u011bl\u00e9ho to neplat\u00ed. Vysta\u010d\u00edte s b\u011b\u017en\u00fdmi sapon\u00e1ty v dom\u00e1cnosti pro interi\u00e9ry a u venkovn\u00edch obklad\u016f se doporu\u010duje vysokotlak\u00fd \u010disti\u010d.Dekorace \u2013 krom\u011b prakti\u010dnosti je tento materi\u00e1l velmi dekorativn\u00ed. Doporu\u010duje se nav\u0161t\u00edvit kamennou prodejnu s vzorkovn\u00edky a uk\u00e1zkami realizac\u00ed.Snadn\u00e1 pokl\u00e1dka \u2013 zvl\u00e1dne ji i amat\u00e9r, nezku\u0161en\u00fd kutil, je t\u0159eba pouze zvolit spr\u00e1vn\u00e9 lepidlo, penetraci, a dodr\u017eet navrhovan\u00fd pracovn\u00ed postup.                                                                                                                                                                                                                                                                                                                                                                                          3.7\/5 - (10 votes)        "},{"@context":"https:\/\/schema.org\/","@type":"BreadcrumbList","itemListElement":[{"@type":"ListItem","position":1,"name":"Um\u011bl\u00fd k\u00e1men do interi\u00e9ru v mnoha variant\u00e1ch","item":"https:\/\/www.dolinka.cz\/umely-kamen-do-interieru-v-mnoha-variantach\/#breadcrumbitem"}]}]