[{"@context":"https:\/\/schema.org\/","@type":"Article","@id":"https:\/\/www.dolinka.cz\/skolni-vylet-neni-vyjimkou\/#Article","mainEntityOfPage":"https:\/\/www.dolinka.cz\/skolni-vylet-neni-vyjimkou\/","headline":"\u0160koln\u00ed v\u00fdlet nen\u00ed v\u00fdjimkou","name":"\u0160koln\u00ed v\u00fdlet nen\u00ed v\u00fdjimkou","description":"Pr\u00e1ce s d\u011btmi nen\u00ed pro ka\u017ed\u00e9ho. Pro n\u011bkter\u00e9 lidi jsou d\u011bti mal\u00e9 potv\u016frky, kter\u00e9 necht\u011bj\u00ed poslouchat a d\u011blaj\u00ed si, co cht\u011bj\u00ed. Ov\u0161em pro pedagogy t\u011blem a du\u0161\u00ed jsou d\u011bti sice tak\u00e9 mal\u00e9 potv\u016frky, kter\u00e9 se ov\u0161em daj\u00ed lehce obalamutit, aby d\u011blaly to, co chcete pr\u00e1v\u011b Vy. A nav\u00edc p\u0159itom z\u00edsk\u00e1vaj\u00ed nov\u00e9 a nov\u00e9 poznatky, spojen\u00e9 [&hellip;]","datePublished":"2018-07-24","dateModified":"2023-05-03","author":{"@type":"Person","@id":"https:\/\/www.dolinka.cz\/author\/#Person","name":"","url":"https:\/\/www.dolinka.cz\/author\/","identifier":1,"image":{"@type":"ImageObject","@id":"https:\/\/secure.gravatar.com\/avatar\/f7320ca526354d2794ceb75173050bfa147af8617816df401a16569341b5fbaf?s=96&d=mm&r=g","url":"https:\/\/secure.gravatar.com\/avatar\/f7320ca526354d2794ceb75173050bfa147af8617816df401a16569341b5fbaf?s=96&d=mm&r=g","height":96,"width":96}},"publisher":{"@type":"Organization","name":"dolinka.cz","logo":{"@type":"ImageObject","@id":"\/logo.png","url":"\/logo.png","width":600,"height":60}},"image":{"@type":"ImageObject","@id":"https:\/\/www.dolinka.cz\/wp-content\/uploads\/img_a320675_w2506_t1531986320.jpg","url":"https:\/\/www.dolinka.cz\/wp-content\/uploads\/img_a320675_w2506_t1531986320.jpg","height":0,"width":0},"url":"https:\/\/www.dolinka.cz\/skolni-vylet-neni-vyjimkou\/","about":["Cestov\u00e1n\u00ed"],"wordCount":416,"articleBody":"       Pr\u00e1ce s d\u011btmi nen\u00ed pro ka\u017ed\u00e9ho. Pro n\u011bkter\u00e9 lidi jsou d\u011bti mal\u00e9 potv\u016frky, kter\u00e9 necht\u011bj\u00ed poslouchat a d\u011blaj\u00ed si, co cht\u011bj\u00ed. Ov\u0161em pro pedagogy t\u011blem a du\u0161\u00ed jsou d\u011bti sice tak\u00e9 mal\u00e9 potv\u016frky, kter\u00e9 se ov\u0161em daj\u00ed lehce obalamutit, aby d\u011blaly to, co chcete pr\u00e1v\u011b Vy. A nav\u00edc p\u0159itom z\u00edsk\u00e1vaj\u00ed nov\u00e9 a nov\u00e9 poznatky, spojen\u00e9 se z\u00e1\u017eitkem a zku\u0161enost\u00ed! Pedagogov\u00e9 u\u017e tu\u0161\u00ed\u2026 P\u0159irozen\u00fd pedagog u\u017e v\u00ed, \u017ee jedin\u011b netradi\u010dn\u00edmi postupy a metodami dostanou z ka\u017ed\u00e9ho d\u00edt\u011bte nejv\u00edc. A \u017ee jim k takov\u00fdm netradi\u010dn\u00edm metod\u00e1m pom\u00e1haj\u00ed i \u0161koln\u00ed v\u00fdlety? To je star\u00e1 vesta! Jen\u017ee jak nudn\u00e9 b\u00fdvaj\u00ed, nap\u0159. prohl\u00eddky z\u00e1mk\u016f a hrad\u016f! D\u011bti se t\u011b\u0161\u00ed jen na klouzav\u00e9 pantofle, kter\u00e9 si hned p\u0159i vstupu do z\u00e1mku mus\u00ed navl\u00e9ci. A co n\u00e1sleduje potom? To u\u017e ka\u017ed\u00fd v\u00ed. Nakonec, tak\u00e9 jste byly neposedn\u00fdmi d\u011btmi. A ruku na srdce, co jste se z\u00e1meck\u00fdmi pantoflemi d\u011blaly Vy? \u0160koln\u00ed v\u00fdlet to jist\u00ed. Proto je na pedagogovi, aby vymyslel takov\u00fd \u0161koln\u00ed v\u00fdlet, kter\u00fd bude nabit\u00fd z\u00e1\u017eitky, ale z\u00e1rove\u0148 nau\u010d\u00ed d\u011bti dovednostem, nebo je sezn\u00e1m\u00ed s histori\u00ed. V\u00edte, pedagog je u\u017e tak nau\u010den\u00fd. Nic ned\u011bl\u00e1 bez didaktiky a bez c\u00edle. V\u017edycky mus\u00ed jeho pr\u00e1ce v\u00e9st k n\u011bjak\u00e9mu c\u00edli, kter\u00fd mus\u00ed b\u00fdt v souladu s osnovami. Ale pr\u00e1v\u011b proto je vystudovan\u00fd, aby v\u011bd\u011bl, jak na to! A tak\u00e9 by nem\u011blo jedin\u00e9 d\u00edt\u011b poznat, \u017ee v\u0161e je tak bravurn\u011b napl\u00e1novan\u00e9! Kdy\u017e ale pedagog zjist\u00ed, \u017ee nejenom on je tak kreativn\u00ed a \u017ee nejenom on m\u00e1 stejn\u00fd p\u0159\u00edstup k nen\u00e1siln\u00e9mu vzd\u011bl\u00e1v\u00e1n\u00ed d\u011bt\u00ed, potom je to, jako pohlazen\u00ed po du\u0161i. \u0160koln\u00ed v\u00fdlety se po\u0159\u00e1daj\u00ed v\u011bt\u0161inou na konci \u0161koln\u00edho roku. A jak vypad\u00e1 pedagog na konci \u0161koln\u00edho roku? Bled\u00e1 tv\u00e1\u0159, k\u0159e\u010dovit\u00fd \u00fasm\u011bv a za pasem metr, jako na vojn\u011b, kter\u00fd si odst\u0159\u00edh\u00e1v\u00e1, aby na vlastn\u00ed o\u010di vid\u011bl, \u017ee se bl\u00ed\u017e\u00ed pr\u00e1zdniny! V takov\u00e9 chv\u00edli uv\u00edt\u00e1 pl\u00e1novan\u00e9 \u0161koln\u00ed v\u00fdlety, kter\u00e9 nemaj\u00ed chybu! Ale jak\u00e9 v\u00fdlety?! V\u00fdlety, kter\u00e9 nemus\u00ed s\u00e1m vym\u00fd\u0161let a organizovat!                                                                                                                                                                                                                                                                                                                                                                                            4.5\/5 - (10 votes)        "},{"@context":"https:\/\/schema.org\/","@type":"BreadcrumbList","itemListElement":[{"@type":"ListItem","position":1,"name":"\u0160koln\u00ed v\u00fdlet nen\u00ed v\u00fdjimkou","item":"https:\/\/www.dolinka.cz\/skolni-vylet-neni-vyjimkou\/#breadcrumbitem"}]}]