[{"@context":"https:\/\/schema.org\/","@type":"Article","@id":"https:\/\/www.dolinka.cz\/nemecko-kral-elektromobilu\/#Article","mainEntityOfPage":"https:\/\/www.dolinka.cz\/nemecko-kral-elektromobilu\/","headline":"N\u011bmecko, kr\u00e1l elektromobil\u016f","name":"N\u011bmecko, kr\u00e1l elektromobil\u016f","description":"Jak ji\u017e n\u00e1zev vypov\u00edd\u00e1, N\u011bmecko se sune dop\u0159edu \u2013 alespo\u0148 tedy n\u011bkter\u00e9 jeho \u010d\u00e1sti. Norsko, kter\u00e9 bylo je\u0161t\u011b doned\u00e1vna gigantem na poli elektromobil\u016f a aut s\u00a0hybridn\u00edm pohonem ustupuje do pozad\u00ed, i p\u0159es neskute\u010dn\u011b velk\u00e9 dotace na ka\u017ed\u00fd nakoupen\u00fd elektromobil a do pop\u0159ed\u00ed se dost\u00e1v\u00e1 st\u0159edoevropsk\u00e1 automobilov\u00e1 velmoc, kdy se auta s\u00a0nov\u00fdm pohonem doslova \u0161\u00ed\u0159\u00ed jako [&hellip;]","datePublished":"2025-03-03","dateModified":"2023-05-03","author":{"@type":"Person","@id":"https:\/\/www.dolinka.cz\/author\/#Person","name":"","url":"https:\/\/www.dolinka.cz\/author\/","identifier":1,"image":{"@type":"ImageObject","@id":"https:\/\/secure.gravatar.com\/avatar\/f7320ca526354d2794ceb75173050bfa147af8617816df401a16569341b5fbaf?s=96&d=mm&r=g","url":"https:\/\/secure.gravatar.com\/avatar\/f7320ca526354d2794ceb75173050bfa147af8617816df401a16569341b5fbaf?s=96&d=mm&r=g","height":96,"width":96}},"publisher":{"@type":"Organization","name":"dolinka.cz","logo":{"@type":"ImageObject","@id":"\/logo.png","url":"\/logo.png","width":600,"height":60}},"image":{"@type":"ImageObject","@id":"https:\/\/www.dolinka.cz\/wp-content\/uploads\/img_a315222_w2506_t1526114192.jpg","url":"https:\/\/www.dolinka.cz\/wp-content\/uploads\/img_a315222_w2506_t1526114192.jpg","height":0,"width":0},"url":"https:\/\/www.dolinka.cz\/nemecko-kral-elektromobilu\/","about":["Auto moto"],"wordCount":415,"articleBody":"Jak ji\u017e n\u00e1zev vypov\u00edd\u00e1, N\u011bmecko se sune dop\u0159edu \u2013 alespo\u0148 tedy n\u011bkter\u00e9 jeho \u010d\u00e1sti. Norsko, kter\u00e9 bylo je\u0161t\u011b doned\u00e1vna gigantem na poli elektromobil\u016f a aut s\u00a0hybridn\u00edm pohonem ustupuje do pozad\u00ed, i p\u0159es neskute\u010dn\u011b velk\u00e9 dotace na ka\u017ed\u00fd nakoupen\u00fd elektromobil a do pop\u0159ed\u00ed se dost\u00e1v\u00e1 st\u0159edoevropsk\u00e1 automobilov\u00e1 velmoc, kdy se auta s\u00a0nov\u00fdm pohonem doslova \u0161\u00ed\u0159\u00ed jako bou\u0159n\u00fd mrak od Mnichova do ostatn\u00edch velk\u00fdch m\u011bst.\u00a0Ve m\u011bstech se trend \u0161\u00ed\u0159\u00ed p\u0159ece jen rychleji ne\u017e v\u00a0okoln\u00edch oblastech, m\u011bsta jsou v\u00edce ne\u017e dob\u0159e vybavena na to, aby poskytly v\u0161em \u0159idi\u010d\u016fm elektrick\u00fdch a hybridn\u00edch voz\u016f dostatek nab\u00edjec\u00edch stanic, kter\u00e9 tyto auta je\u0161t\u011b st\u00e1le velmi nutn\u011b pot\u0159ebuj\u00ed ve velk\u00e9m shluku.\u00a0\tZm\u011bna, to je \u017eivotZa velk\u00fdm vzestupem stoj\u00ed p\u0159edev\u0161\u00edm technologick\u00fd pokrok, kdy se elektromobily st\u00e1le v\u00edce a v\u00edce podobaj\u00ed b\u011b\u017en\u00fdm automobil\u016fm se spalovac\u00edm motorem \u2013 u\u017e nejen \u017ee vypadaj\u00ed dob\u0159e, jsou ale tak\u00e9 stejn\u00e9 dobr\u00e1 a v\u00fddr\u017e, kterou se nejnov\u011bj\u0161\u00ed modely chlub\u00ed, tak\u00e9 nen\u00ed v\u016fbec \u0161patn\u00e1, ba pr\u00e1v\u011b naopak, mo\u017en\u00e1 se i vyrovn\u00e1 dieselu. T\u0159\u00eddu drah\u00fdch automobil\u016f u\u017e Tesla se sv\u00fdmi automobily definitivn\u011b dobyla, pr\u00e1v\u011b te\u010f m\u00ed\u0159\u00ed i na trh st\u0159edn\u00ed t\u0159\u00eddy, kde se nach\u00e1z\u00ed nejv\u011bt\u0161\u00ed zisky a nejv\u00edce z\u00e1kazn\u00edk\u016f. D\u00edky neust\u00e1l\u00e9mu technologick\u00e9mu v\u00fdvoji se st\u00e1vaj\u00ed elektromobily mnohem \u010dast\u011bj\u0161\u00ed sou\u010d\u00e1st\u00ed vlastnictv\u00ed \u0159idi\u010d\u016f po cel\u00e9m sv\u011bt\u011b, hlavn\u011b d\u00edky klesaj\u00edc\u00ed cen\u011b.\u00a0\tOstatn\u00ed zna\u010dky ale neus\u00ednaj\u00ed na vav\u0159\u00ednech\u00c9ra fosiln\u00edch paliv pomalu zhas\u00edn\u00e1, a i ostatn\u00ed automobilky si uv\u011bdomuj\u00ed, \u017ee pokud budou cht\u00edt udr\u017eet zisky tak vysoko jako nyn\u00ed, bude t\u0159eba investovat do st\u00e1le nov\u00fdch technologi\u00ed. Af\u00e9ra Dieselgate nijak neprosp\u011bla byznysu, a naopak nahr\u00e1v\u00e1 elektromobilov\u00fdm firm\u00e1m, kdy jejich prodeje vzrostly o 41 %, zat\u00edmco prodeje tradi\u010dn\u00edch aut se spalovac\u00edm motorem klesly o 17 %. I velc\u00ed giganti jako BMW si nyn\u00ed uv\u011bdomuj\u00ed, \u017ee pokud budou cht\u00edt p\u0159e\u017e\u00edt v\u00a0nov\u00e9 \u00e9\u0159e, mus\u00ed se zkr\u00e1tka p\u0159ekopat, a tak v\u00a0nejbli\u017e\u0161\u00edch n\u011bkolika letech za\u010dnou p\u0159edstavovat sv\u00e9 modely ur\u010den\u00e9 tak\u00e9 pro st\u0159edn\u00ed t\u0159\u00eddu, by\u0165 je Tesla minim\u00e1ln\u011b o 4 roky p\u0159ed nimi.                                                                                                                                                                                                                                                                                                                                                                                        4.7\/5 - (6 votes)        "},{"@context":"https:\/\/schema.org\/","@type":"BreadcrumbList","itemListElement":[{"@type":"ListItem","position":1,"name":"N\u011bmecko, kr\u00e1l elektromobil\u016f","item":"https:\/\/www.dolinka.cz\/nemecko-kral-elektromobilu\/#breadcrumbitem"}]}]