[{"@context":"https:\/\/schema.org\/","@type":"Article","@id":"https:\/\/www.dolinka.cz\/nehoda-hasicu-na-sumpersku\/#Article","mainEntityOfPage":"https:\/\/www.dolinka.cz\/nehoda-hasicu-na-sumpersku\/","headline":"Nehoda hasi\u010d\u016f na \u0160umpersku","name":"Nehoda hasi\u010d\u016f na \u0160umpersku","description":"Jist\u011b si mnoz\u00ed z\u00a0V\u00e1s vzpomenou na tragickou lo\u0148skou nehodu hasi\u010dsk\u00e9ho automobilu. Hasi\u010di ze Z\u00e1b\u0159ehu na Morav\u011b vyjeli pomoci k\u00a0nehod\u011b, kde byli zran\u011bn\u00ed lid\u00e9 a sami m\u011bli nehodu u obce Libiv\u00e1 na Mohelnicku, p\u0159i kter\u00e9 velitel z\u00e1sahu zem\u0159el a \u0159idi\u010d byl v\u00a0kritick\u00e9m stavu v nemocnici. Dva dal\u0161\u00ed \u010dlenov\u00e9 pos\u00e1dky utrp\u011bli pouze leh\u010d\u00ed zran\u011bn\u00ed. V\u00a0minul\u00e9m roce se [&hellip;]","datePublished":"2019-06-27","dateModified":"2023-05-03","author":{"@type":"Person","@id":"https:\/\/www.dolinka.cz\/author\/#Person","name":"","url":"https:\/\/www.dolinka.cz\/author\/","identifier":1,"image":{"@type":"ImageObject","@id":"https:\/\/secure.gravatar.com\/avatar\/f7320ca526354d2794ceb75173050bfa147af8617816df401a16569341b5fbaf?s=96&d=mm&r=g","url":"https:\/\/secure.gravatar.com\/avatar\/f7320ca526354d2794ceb75173050bfa147af8617816df401a16569341b5fbaf?s=96&d=mm&r=g","height":96,"width":96}},"publisher":{"@type":"Organization","name":"dolinka.cz","logo":{"@type":"ImageObject","@id":"\/logo.png","url":"\/logo.png","width":600,"height":60}},"image":{"@type":"ImageObject","@id":"https:\/\/www.dolinka.cz\/wp-content\/uploads\/img_a347231_w2506_t1561457831.jpg","url":"https:\/\/www.dolinka.cz\/wp-content\/uploads\/img_a347231_w2506_t1561457831.jpg","height":0,"width":0},"url":"https:\/\/www.dolinka.cz\/nehoda-hasicu-na-sumpersku\/","about":["Auto moto"],"wordCount":616,"articleBody":"Jist\u011b si mnoz\u00ed z\u00a0V\u00e1s vzpomenou na tragickou lo\u0148skou nehodu hasi\u010dsk\u00e9ho automobilu. Hasi\u010di ze Z\u00e1b\u0159ehu na Morav\u011b vyjeli pomoci k\u00a0nehod\u011b, kde byli zran\u011bn\u00ed lid\u00e9 a sami m\u011bli nehodu u obce Libiv\u00e1 na Mohelnicku, p\u0159i kter\u00e9 velitel z\u00e1sahu zem\u0159el a \u0159idi\u010d byl v\u00a0kritick\u00e9m stavu v nemocnici. Dva dal\u0161\u00ed \u010dlenov\u00e9 pos\u00e1dky utrp\u011bli pouze leh\u010d\u00ed zran\u011bn\u00ed.V\u00a0minul\u00e9m roce se hodn\u011b na internetov\u00fdch serverech \u0159e\u0161ilo, jak je mo\u017en\u00e9, \u017ee st\u00e1t zaplat\u00ed smrt voj\u00e1k\u016f, kte\u0159\u00ed se sami rozhodnou, \u017ee pojednou v\u00e1l\u010dit jinam a tam zem\u0159ou, \u017ee dostanou vyznamen\u00e1n\u00ed, met\u00e1ly a jin\u00e1 ocen\u011bn\u00ed, st\u00e1t \u017ee vyplat\u00ed poz\u016fstal\u00fdm nemal\u00e9 \u010d\u00e1stky a o hasi\u010de, kte\u0159\u00ed ka\u017ed\u00fd den nasazuj\u00ed sv\u00e9 \u017eivoty, aby zachr\u00e1nili n\u00e1s nebo na\u0161e d\u011bti, tak t\u011bm se ji\u017e nepom\u00e1h\u00e1. Hodn\u011b se vedly na toto t\u00e9ma diskuze, akor\u00e1t jde o \u00fahel pohledu. Ka\u017ed\u00fd si sv\u00e9 povol\u00e1n\u00ed vyb\u00edr\u00e1me sami, n\u011bkdo pracuje jako d\u011bln\u00edk \u010di prodava\u010d, jin\u00fd jezd\u00ed kamionem nebo traktorem, n\u011bkte\u0159\u00ed se daj\u00ed k\u00a0vojsku nebo d\u011blaj\u00ed hasi\u010de, z\u00e1chran\u00e1\u0159e. Ka\u017ed\u00e1 pr\u00e1ce m\u00e1 sv\u00e9 pro a proti. Voj\u00e1k nem\u016f\u017ee \u0159\u00edci ne, kdy\u017e za n\u00edm a jeho kamar\u00e1dy p\u0159ijde vedouc\u00ed pracovn\u00edk a ozn\u00e1m\u00ed, \u017ee ve\u010der odl\u00e9taj\u00ed na vojenskou misi. I oni mohou m\u00edt doma rodiny s\u00a0d\u011btmi, a ob\u010das se stane, \u017ee nemaj\u00ed ani \u010das se rozlou\u010dit. Nikdo nev\u00ed, jestli je to jejich posledn\u00ed den.\u201eZN\u00c1ME DEN SV\u00c9HO NAROZEN\u00cd, BOHU\u017dEL DEN SMRTI NEZN\u00c1ME\u201c.\u00a0Byly zalo\u017eeny dva \u00fa\u010dty po dobu t\u0159\u00ed m\u011bs\u00edc\u016f, ka\u017ed\u00fd \u00fa\u010det pro jednoho hasi\u010de, a ka\u017ed\u00fd kdo mohl, p\u0159isp\u011bl jakoukoliv \u010d\u00e1stkou. Bylo jedno, jestli jde o 10 korun \u010di 10 000 korun, d\u016fle\u017eit\u00e9 bylo, \u017ee se vybraly nemal\u00e9 \u010d\u00e1stky, \u0161lo dohromady skoro o 2,5 milionu korun, tato \u010d\u00e1stka se rozd\u011blila relativn\u011b stejn\u011b rozd\u011blena a \u201c\u0161eky\u201c ji\u017e p\u0159edal rodin\u00e1m Karel Kol\u00e1\u0159\u00edk, krajsk\u00fd \u0159editel hasi\u010dsk\u00e9ho z\u00e1chrann\u00e9ho sboru, a Martin P\u0159idal\u00edk, p\u0159edseda Krajsk\u00e9 organizace odborov\u00e9ho svazu.\u0158idi\u010d byl ob\u017ealov\u00e1n za usmrcen\u00ed z\u00a0nedbalosti a t\u011b\u017ek\u00e9ho ubl\u00ed\u017een\u00ed z\u00a0nedbalosti a za to hrozilo \u0159idi\u010di a\u017e 6 let za m\u0159\u00ed\u017eemi. Soudce Lubom\u00edr Koz\u00e1k uznal \u0159idi\u010de vinn\u00fdm jak z\u00a0usmrcen\u00ed z\u00a0nedbalosti, tak i z\u00a0t\u011b\u017ek\u00e9ho ubl\u00ed\u017een\u00ed. Rozhodl, \u017ee m\u00edsto 6let\u00e9ho odn\u011bt\u00ed svobody, bude dosta\u010duj\u00edc\u00edm trestem z\u00e1kaz \u0159\u00edzen\u00ed na 1,5 roku a pokuta ve v\u00fd\u0161i 150\u00a0000 korun. Soudce p\u0159ihl\u00e9dl k\u00a0tomu, \u017ee mu\u017e nebyl nikdy trestan\u00fd, k\u00a0\u010dinu se p\u0159iznal a velice ho litoval. Odsouzen\u00fd litoval toho, \u017ee jeho nad\u0159\u00edzen\u00fd zem\u0159el a ji\u017e nikdy ho nespat\u0159\u00ed. Soudce cht\u011bl ji\u017e tento proces ukon\u010dit, byla to trag\u00e9die pro v\u0161echny. \u017dalobce uvedl, \u017ee tento trest je pro n\u011bj dosta\u010duj\u00edc\u00ed, vzhledem k\u00a0tomu, \u017ee s\u00e1m z\u00a0toho nevyv\u00e1zl se zdravou k\u016f\u017e\u00ed. Obh\u00e1jce odsouzen\u00e9ho \u017e\u00e1dal po soudu m\u00edrn\u011bj\u0161\u00ed trest.Posu\u010fte sami trest, kter\u00fd tento mu\u017e dostal je adekv\u00e1tn\u00ed, kdy\u017e hasi\u010d\u016fm jde p\u0159edev\u0161\u00edm o to, aby dojeli na m\u00edsto nehody v\u010das a zachr\u00e1nili p\u0159\u00edpadn\u00e9 ob\u011bti nap\u0159. z\u00a0trosek vozu nebo domu. Je to trag\u00e9die, kterou budou trp\u011bt po zbytek \u017eivota v\u0161ichni, a\u0165 u\u017e rodina po mrtv\u00e9m veliteli, anebo mu\u017e, kter\u00fd v\u00a0ten osudn\u00fd den \u0159\u00eddil hasi\u010dsk\u00fd v\u016fz.                                                                                                                                                                                                                                                                                                                                                                                        4.2\/5 - (9 votes)        "},{"@context":"https:\/\/schema.org\/","@type":"BreadcrumbList","itemListElement":[{"@type":"ListItem","position":1,"name":"Nehoda hasi\u010d\u016f na \u0160umpersku","item":"https:\/\/www.dolinka.cz\/nehoda-hasicu-na-sumpersku\/#breadcrumbitem"}]}]