[{"@context":"https:\/\/schema.org\/","@type":"Article","@id":"https:\/\/www.dolinka.cz\/kdyz-mate-vyjimecny-styl\/#Article","mainEntityOfPage":"https:\/\/www.dolinka.cz\/kdyz-mate-vyjimecny-styl\/","headline":"Kdy\u017e m\u00e1te v\u00fdjime\u010dn\u00fd styl","name":"Kdy\u017e m\u00e1te v\u00fdjime\u010dn\u00fd styl","description":"Koupili jste si d\u016fm, chatu, \u010di chalupu? Chcete m\u00edt za\u0159\u00edzen\u00ed v n\u00e1dhern\u00e9m venkovsk\u00e9m stylu, kter\u00fd bude t\u00edm prav\u00fdm domovem? T\u00edm p\u00e1dem m\u00e1te \u00fa\u017easn\u00e9 c\u00edt\u011bn\u00ed a smysl pro v\u0161echno kr\u00e1sn\u00e9 a zaj\u00edmav\u00e9. Pokud vyu\u017eijete nab\u00eddku Art-Meridian.cz, z\u00edsk\u00e1te \u00fa\u017easn\u00fd v\u00fdb\u011br za\u0159\u00edzen\u00ed od k\u0159esel, sk\u0159\u00ed\u0148, a\u017e po komody a sk\u0159\u00edn\u011b v opravdu honosn\u00e9m a masivn\u00edm stylu. I za\u0159\u00edzen\u00ed, [&hellip;]","datePublished":"2024-04-19","dateModified":"2024-04-19","author":{"@type":"Person","@id":"https:\/\/www.dolinka.cz\/author\/#Person","name":"","url":"https:\/\/www.dolinka.cz\/author\/","identifier":1,"image":{"@type":"ImageObject","@id":"https:\/\/secure.gravatar.com\/avatar\/f7320ca526354d2794ceb75173050bfa147af8617816df401a16569341b5fbaf?s=96&d=mm&r=g","url":"https:\/\/secure.gravatar.com\/avatar\/f7320ca526354d2794ceb75173050bfa147af8617816df401a16569341b5fbaf?s=96&d=mm&r=g","height":96,"width":96}},"publisher":{"@type":"Organization","name":"dolinka.cz","logo":{"@type":"ImageObject","@id":"\/logo.png","url":"\/logo.png","width":600,"height":60}},"url":"https:\/\/www.dolinka.cz\/kdyz-mate-vyjimecny-styl\/","wordCount":232,"articleBody":"Koupili jste si d\u016fm, chatu, \u010di chalupu? Chcete m\u00edt za\u0159\u00edzen\u00ed v n\u00e1dhern\u00e9m venkovsk\u00e9m stylu, kter\u00fd bude t\u00edm prav\u00fdm domovem? T\u00edm p\u00e1dem m\u00e1te \u00fa\u017easn\u00e9 c\u00edt\u011bn\u00ed a smysl pro v\u0161echno kr\u00e1sn\u00e9 a zaj\u00edmav\u00e9. Pokud vyu\u017eijete nab\u00eddku Art-Meridian.cz, z\u00edsk\u00e1te \u00fa\u017easn\u00fd v\u00fdb\u011br za\u0159\u00edzen\u00ed od k\u0159esel, sk\u0159\u00ed\u0148, a\u017e po komody a sk\u0159\u00edn\u011b v opravdu honosn\u00e9m a masivn\u00edm stylu. I za\u0159\u00edzen\u00ed, kter\u00e9 jste p\u016fvodn\u011b cht\u011bli t\u0159eba zlikvidovat, m\u016f\u017ee je\u0161t\u011b dos\u00e1hnout k dal\u0161\u00edmu vyu\u017eit\u00ed, \u010di jako prvek designu. S n\u00e1bytkov\u00fdmi \u00fachytkami, kter\u00e9 jsou k dispozici v porcel\u00e1nov\u00e9m, \u010di kovov\u00e9m proveden\u00ed, dos\u00e1hnete toho, o \u010dem jste zat\u00edm jenom snili.Dopln\u011bk, kter\u00fd dok\u00e1\u017ee i nemo\u017en\u00e9Kdy\u017e se tedy rozhodnete z\u00fatulnit interi\u00e9r n\u00e1bytkov\u00fdmi \u00fachytkami, nebudete litovat. V\u00fdb\u011br je natolik pestr\u00fd a origin\u00e1ln\u00ed, \u017ee si vybere i n\u00e1ro\u010dn\u00fd z\u00e1kazn\u00edk. Jen si zkuste p\u0159edstavit, jak va\u0161e star\u00e1 sk\u0159\u00ed\u0148 m\u00e1 najednou dokonal\u00fd porcel\u00e1nov\u00fd prvek, kter\u00fd proveden\u00edm i barvou dok\u00e1\u017eete p\u0159izp\u016fsobit ji\u017e zvolen\u00e9mu designu prost\u0159ed\u00ed. Pokud m\u00e1te rad\u011bji kovov\u00e9 dopl\u0148ky, rovn\u011b\u017e v\u00e1s \u010dekaj\u00ed zaj\u00edmav\u00e9 varianty. Spl\u0148te si va\u0161e p\u0159edstavy.                                                                                                                                                                                                                                                                                                                                                                                        4.4\/5 - (8 votes)        "},{"@context":"https:\/\/schema.org\/","@type":"BreadcrumbList","itemListElement":[{"@type":"ListItem","position":1,"name":"Kdy\u017e m\u00e1te v\u00fdjime\u010dn\u00fd styl","item":"https:\/\/www.dolinka.cz\/kdyz-mate-vyjimecny-styl\/#breadcrumbitem"}]}]