[{"@context":"https:\/\/schema.org\/","@type":"Article","@id":"https:\/\/www.dolinka.cz\/dekorativni-zabradli\/#Article","mainEntityOfPage":"https:\/\/www.dolinka.cz\/dekorativni-zabradli\/","headline":"Dekorativn\u00ed z\u00e1bradl\u00ed","name":"Dekorativn\u00ed z\u00e1bradl\u00ed","description":"Sklen\u011bn\u00e9 z\u00e1bradl\u00ed Kmkdesign je kr\u00e1sn\u00e9 a zaj\u00edmav\u00e9 v tom, \u017ee je pr\u016fhledn\u00e9, a tud\u00ed\u017e jde za n\u00edm a p\u0159ed n\u00edm v\u0161echno kr\u00e1sn\u011b vid\u011bt. Je to v\u00fdhodn\u00e9 v tom, pokud jste nad z\u00e1bradl\u00edm dlouho uva\u017eovali. Z\u00e1le\u017e\u00ed tak\u00e9 na tom, jak velk\u00fd m\u00e1te d\u016fm \u010di byt. V\u00edm, \u017ee n\u011bkomu z\u00e1bradl\u00ed vad\u00ed z toho d\u016fvodu, \u017ee by zab\u00edralo [&hellip;]","datePublished":"2022-03-31","dateModified":"2023-05-03","author":{"@type":"Person","@id":"https:\/\/www.dolinka.cz\/author\/#Person","name":"","url":"https:\/\/www.dolinka.cz\/author\/","identifier":1,"image":{"@type":"ImageObject","@id":"https:\/\/secure.gravatar.com\/avatar\/f7320ca526354d2794ceb75173050bfa147af8617816df401a16569341b5fbaf?s=96&d=mm&r=g","url":"https:\/\/secure.gravatar.com\/avatar\/f7320ca526354d2794ceb75173050bfa147af8617816df401a16569341b5fbaf?s=96&d=mm&r=g","height":96,"width":96}},"publisher":{"@type":"Organization","name":"dolinka.cz","logo":{"@type":"ImageObject","@id":"\/logo.png","url":"\/logo.png","width":600,"height":60}},"image":{"@type":"ImageObject","@id":"https:\/\/www.dolinka.cz\/wp-content\/uploads\/obloukove-schodiste__mi001-628_1.jpg","url":"https:\/\/www.dolinka.cz\/wp-content\/uploads\/obloukove-schodiste__mi001-628_1.jpg","height":0,"width":0},"url":"https:\/\/www.dolinka.cz\/dekorativni-zabradli\/","about":["Produkty"],"wordCount":463,"articleBody":"       Sklen\u011bn\u00e9 z\u00e1bradl\u00ed Kmkdesign je kr\u00e1sn\u00e9 a zaj\u00edmav\u00e9 v tom, \u017ee je pr\u016fhledn\u00e9, a tud\u00ed\u017e jde za n\u00edm a p\u0159ed n\u00edm v\u0161echno kr\u00e1sn\u011b vid\u011bt. Je to v\u00fdhodn\u00e9 v tom, pokud jste nad z\u00e1bradl\u00edm dlouho uva\u017eovali. Z\u00e1le\u017e\u00ed tak\u00e9 na tom, jak velk\u00fd m\u00e1te d\u016fm \u010di byt. V\u00edm, \u017ee n\u011bkomu z\u00e1bradl\u00ed vad\u00ed z toho d\u016fvodu, \u017ee by zab\u00edralo velmi mnoho m\u00edsta v dom\u011b \u010di byt\u011b. Jen\u017ee v dne\u0161n\u00ed dob\u011b je u\u017e velk\u00fd v\u00fdb\u011br z\u00e1bradl\u00ed, \u017ee si jist\u011b vybere ka\u017ed\u00fd. Nav\u00edc sklen\u011bn\u00e9 z\u00e1bradl\u00ed m\u016f\u017eete i skv\u011ble dekorovat. V\u017edy\u0165 se prod\u00e1v\u00e1 tolik barev na sklo! T\u00edm p\u00e1dem nemus\u00edte m\u00edt st\u00e1le monot\u00f3nn\u00ed sklen\u011bn\u00e9 z\u00e1bradl\u00ed, ale m\u016f\u017eete si ho upravit podle sebe a podle va\u0161\u00ed n\u00e1lady. Nav\u00edc to bude i velmi kreativn\u00ed pr\u00e1ce a jist\u011b se u toho zabav\u00edte. Mysl\u00edm, \u017ee d\u00edky sklen\u011bn\u00e9mu z\u00e1bradl\u00ed a barv\u00e1m na sklo se ji\u017e nebudete nikdy nudit. M\u00e1te d\u011bti? Tak t\u011bm ud\u011bl\u00e1te radost dvojn\u00e1sobnou. Nezn\u00e1m \u017e\u00e1dn\u00e9 d\u00edt\u011b, kter\u00e9 by nerado malovalo. A kdy\u017e m\u016f\u017ee malovat na n\u00e1bytek, v tomto p\u0159\u00edpad\u011b sklen\u011bn\u00e9 z\u00e1bradl\u00ed, tak bude d\u00edt\u011b je\u0161t\u011b v\u00edce nad\u0161en\u00e9. Takov\u00e1 z\u00e1bava d\u011bti toti\u017e ne\u010dek\u00e1 v\u0161ude a nen\u00ed velmi \u010dast\u00e1. J\u00e1 to nav\u00edc v\u00edm moc dob\u0159e sama. M\u00e1m toti\u017e mal\u00e9ho syna a m\u00e1m taky ji\u017e zm\u00edn\u011bn\u00e9 sklen\u011bn\u00e9 z\u00e1bradl\u00ed. Sice ne u cel\u00e9ho schodi\u0161t\u011b, ale je do p\u016flky. V\u00edte, m\u011b se sklen\u011bn\u00e9 z\u00e1bradl\u00ed moc l\u00edb\u00ed, ale dole v p\u0159\u00edzem\u00ed m\u00e1me moc \u00fazk\u00fd prostor a pak bychom se tam sotva ve\u0161li. Proto jsem ud\u011blala kompromis, kter\u00fd v\u0161em vyhovoval.Dohodla jsem s man\u017eelem pro sklen\u011bn\u00e9 \u010d\u00e1ste\u010dn\u00e9 z\u00e1bradl\u00ed, kter\u00e9 vyhovuje v\u0161em. Na okraje z\u00e1bradl\u00ed jsem si dala m\u00e9 obl\u00edben\u00e9 plaziv\u00e9 kv\u011btiny, m\u00e1m je moc r\u00e1da a dokonale lemuj\u00ed cel\u00e9 z\u00e1bradl\u00ed. Sice je pravda, \u017ee ho denn\u011b le\u0161t\u00edm, ale bav\u00ed m\u011b to. M\u00e1m pohyb, a to je taky pro m\u011b velk\u00e1 priorita. Nav\u00edc se na sklen\u011bn\u00e9 z\u00e1bradl\u00ed skv\u011ble hod\u00ed r\u016fzn\u00e9 dekorace podle sv\u00e1tk\u016f. T\u0159eba na V\u00e1noce jsou skv\u011bl\u00e9 v\u00e1no\u010dn\u00ed motivy, kter\u00e9 d\u011bti jist\u011b zabav\u00ed na cel\u00fd den. Podle m\u011b sklen\u011bn\u00fdm z\u00e1bradl\u00edm nic nezkaz\u00edte. A pokud se chcete pod\u00edvat, klikn\u011bte na n\u00e1\u0161 web a vyberte si to prav\u00e9.                                                                                                                                                                                                                                                                                                                                                                                          4.1\/5 - (7 votes)        "},{"@context":"https:\/\/schema.org\/","@type":"BreadcrumbList","itemListElement":[{"@type":"ListItem","position":1,"name":"Dekorativn\u00ed z\u00e1bradl\u00ed","item":"https:\/\/www.dolinka.cz\/dekorativni-zabradli\/#breadcrumbitem"}]}]